{"id":7715,"date":"2020-07-12T12:26:05","date_gmt":"2020-07-12T12:26:05","guid":{"rendered":"http:\/\/www.manuelrojas.cl\/?p=7715"},"modified":"2023-06-19T18:25:12","modified_gmt":"2023-06-19T18:25:12","slug":"angelita-jeria","status":"publish","type":"post","link":"https:\/\/manuelrojas.cl\/index.php\/2020\/07\/12\/angelita-jeria\/","title":{"rendered":"Angelita Jeria"},"content":{"rendered":"[et_pb_section fb_built=&#8221;1&#8243; admin_label=&#8221;section&#8221; _builder_version=&#8221;4.16&#8243; global_colors_info=&#8221;{}&#8221; theme_builder_area=&#8221;post_content&#8221;][et_pb_row admin_label=&#8221;row&#8221; _builder_version=&#8221;4.17.4&#8243; background_size=&#8221;initial&#8221; background_position=&#8221;top_left&#8221; background_repeat=&#8221;repeat&#8221; custom_margin=&#8221;0px||||false|false&#8221; custom_padding=&#8221;0px||||false|false&#8221; global_colors_info=&#8221;{}&#8221; theme_builder_area=&#8221;post_content&#8221;][et_pb_column type=&#8221;4_4&#8243; _builder_version=&#8221;4.16&#8243; custom_padding=&#8221;|||&#8221; global_colors_info=&#8221;{}&#8221; custom_padding__hover=&#8221;|||&#8221; theme_builder_area=&#8221;post_content&#8221;][et_pb_text admin_label=&#8221;Text&#8221; _builder_version=&#8221;4.17.4&#8243; background_size=&#8221;initial&#8221; background_position=&#8221;top_left&#8221; background_repeat=&#8221;repeat&#8221; global_colors_info=&#8221;{}&#8221; theme_builder_area=&#8221;post_content&#8221;]<p><em>En la fotograf\u00eda: \u00c1ngela Jeria, Mar\u00eda Eugenia Rojas, Directora, Luis Maira y Estela Ortiz, en la inauguraci\u00f3n de la placa conmemorativa en la Escuela de Boedo de Buenos Aires, donde Manuel Rojas estudi\u00f3. Fundaci\u00f3n Manuel Rojas. Santiago de Chile, Julio 2020.<\/em><\/p>\n<p><span style=\"text-align: justify;\">\u00c1ngela Jeria, Mar\u00eda Eugenia Rojas, Directora, Luis Maira y Estela Ortiz, en la inauguraci\u00f3n de la placa conmemorativa en la Escuela de Boedo de Buenos Aires, donde Manuel Rojas estudi\u00f3. Fundaci\u00f3n Manuel Rojas. Santiago de Chile, Julio 2020.\u00a0<\/span><\/p>\n<p><!-- \/wp:post-content --><strong>Ha partido \u00c1ngela Jeria G\u00f3mez. \u00abAngelita\u00bb como le dec\u00edan sus m\u00e1s cercanos, se ha ido f\u00edsicamente y con ella se marcha una parte importante de la Fundaci\u00f3n Manuel Rojas y tambi\u00e9n una parte de la familia de Manuel.<\/strong><\/p>\n<p>\u00c1ngela integr\u00f3 primero el directorio de la <strong>Fundaci\u00f3n<\/strong> y luego colabor\u00f3 con su acostumbrada generosidad en nuestros proyectos y prop\u00f3sitos. Con su optimismo y entusiasmo estuvo siempre dispuesta a abrir las puertas que fueran necesarias para conseguir los objetivos que buscan difundir la vida y obra de su \u00abT\u00edo Manuel\u00bb, como \u00c1ngela se refer\u00eda al escritor. Porque ella form\u00f3 y forma parte de la familia Rojas a partir de aquel fuerte lazo que cre\u00f3 M\u00e1ximo, su padre, con Manuel hace ya casi un siglo.<\/p>\n<p>Es en Buenos Aires, una tarde de 1921, cuando ambos se encuentran por primera vez. Durante un receso de la obra que ensayaba la compa\u00f1\u00eda de teatro donde Manuel trabajaba de consueta, M\u00e1ximo se acerca y le pregunta si \u00e9l es el Manuel Rojas que figura en el programa. Manuel le contesta afirmativamente y M\u00e1ximo le declara que ha le\u00eddo unos poemas de su autor\u00eda publicados en una revista de Mendoza. Pocos semanas antes Manuel hab\u00eda estado en esa ciudad en la que se hab\u00eda re encontrado con sus antiguos compa\u00f1eros anarquistas y uno de ellos le ofreci\u00f3 publicarle una selecci\u00f3n de sus poemas en un n\u00famero de la revista <strong><a href=\"http:\/\/www.manuelrojas.cl\/poeticas\/?lang=es\">Ideas y Figuras<\/a><\/strong> dedicado completamente a ellos. Aquella ser\u00eda su primera publicaci\u00f3n monogr\u00e1fica.<!-- \/wp:paragraph --><!-- wp:paragraph --><!-- \/wp:paragraph --><!-- wp:paragraph --><!-- wp:paragraph --><\/p>\n<p><!-- wp:image {\"align\":\"center\",\"id\":7854,\"sizeSlug\":\"medium\",\"linkDestination\":\"none\"} --><\/p>\n<figure class=\"wp-block-image aligncenter size-medium\"><img loading=\"lazy\" decoding=\"async\" width=\"260\" height=\"300\" src=\"https:\/\/manuelrojas.cl\/wp-content\/uploads\/2020\/07\/Maximo-Jeria-768x886-1-260x300.jpg\" alt=\"\" class=\"wp-image-7854\" style=\"display: block; margin-left: auto; margin-right: auto;\" \/><\/figure>\n<figure class=\"wp-block-image aligncenter size-medium\"><em>M\u00e1ximo Jeria: \u00abSe le admiraba vestido de blanco y delante de unas matas de pl\u00e1tano. Parec\u00eda un gerente de la United Fruit Company\u00bb (Manuel Rojas).<\/em><\/figure>\n<figure class=\"wp-block-image aligncenter size-medium\">A partir de ese encuentro surge una amistad fraternal entre dos almas inquietas, errantes y vagabundas, cuyas aventuras se contaban mutuamente. Al poco tiempo, Manuel decide quedarse en la capital argentina junto a la actriz Dalila Barrios que abandona a su marido, un destacado actor de la compa\u00f1\u00eda en la que trabajan, y ambos deben refugiarse y ocultarse de la polic\u00eda. Es M\u00e1ximo Jeria, entonces radicado en Buenos Aires y ocupado de empleado menor de la compa\u00f1\u00eda Singer, quien se encargar\u00e1 de resolver el problema y conseguirles albergue. Viven juntos un tiempo en B\u00e1nfield y luego en Lan\u00fas, localidades cercanas a la capital argentina. Los pormenores de esos momentos ser\u00edan narrados m\u00e1s tarde en la novela <strong><a title=\"Novelas - Mejor que el vino\" href=\"http:\/\/www.manuelrojas.cl\/mejor-que-el-vino\/?lang=es\">Mejor que el vino<\/a><\/strong> (1958), donde M\u00e1ximo aparece con el nombre de \u00abPatricio Reyes\u00bb junto a su se\u00f1ora (\u00c1ngela G\u00f3mez) y sus dos hijos peque\u00f1os: Alberto y Alicia. Sobre el lugar en que viv\u00edan los Jeria G\u00f3mez, Rojas dice: \u00abA pesar de la modestia, casi de la pobreza, hay un ambiente de dignidad, de limpieza\u00bb.<\/figure>\n<figure class=\"wp-block-image aligncenter size-medium\">Manuel trabaja como linotipista, oficio que aprendiera en Chile poco antes, y decide enviar a un concurso su cuento \u00abLaguna\u00bb. Su amigo M\u00e1ximo ser\u00e1 el encargado de copiar a m\u00e1quina ese primer relato que le permite obtener el tercer lugar y ganar la confianza necesaria para iniciar su trayectoria como narrador.<\/figure>\n<figure class=\"wp-block-image aligncenter size-medium\">M\u00e1ximo, diez a\u00f1os mayor que Manuel, hab\u00eda llevado una vida errante, al igual como la de su amigo escritor. Existencia vagabunda que, algunos a\u00f1os despu\u00e9s, le servir\u00e1 a Manuel para construir al personaje protagonista de su cuento m\u00e1s conocido: <strong><a title=\"Cuentos - El vaso de leche\" href=\"http:\/\/www.manuelrojas.cl\/el-vaso-de-leche\/?lang=es\">El vaso de leche<\/a><\/strong> (1927). Por eso, en una parte del relato, se dice: \u00abEstaba pose\u00eddo por la obsesi\u00f3n del mar, que tuerce las vidas m\u00e1s lisas y definidas como un brazo poderoso una delgada varilla. Aunque era muy joven hab\u00eda hecho varios viajes por las costas de Am\u00e9rica del Sur, en diversos vapores, desempe\u00f1ando distintos trabajos&#8230;\u00bb.<\/figure>\n<figure class=\"wp-block-image aligncenter size-medium\">Sin duda por eso, Manuel elige perpetuar la figura de su amigo en la de un vagabundo algo extravagante que viaja con un par de tortugas y que se encuentra con Aniceto, protagonista de <strong><a title=\"Novelas - Hijo de ladr\u00f3n\" href=\"http:\/\/www.manuelrojas.cl\/hijo-de-ladron\/?lang=es\">Hijo de ladr\u00f3n<\/a><\/strong>, en la orilla del r\u00edo Aconcagua:<!-- wp:paragraph --><!-- wp:paragraph --><!-- \/wp:paragraph --><\/figure>\n<blockquote class=\"wp-block-quote\">\n<p><!-- wp:paragraph --><\/p>\n<p><em>Hablaba correctamente y deb\u00eda ser unos siete a\u00f1os mayor que yo, a\u00f1os que representaban una gran porci\u00f3n de experiencia y de conocimientos. Cosa inveros\u00edmil: usaba lentes, y no lentes con varillas, de esos con los cuales uno puede correr, saltar, agacharse, pelear y hasta nadar, sino de esos que se sujetan a la nariz con unas pinzas que pellizcan apenas la piel&#8230;<\/em><\/p>\n<p><!-- \/wp:paragraph --><\/p>\n<\/blockquote>\n<blockquote class=\"wp-block-quote\">\n<p><!-- wp:paragraph --><\/p>\n<p><em>Algo brotaba de \u00e9l, clara y tranquilamente. Sus ojos, &#8230;eran tambi\u00e9n de poco brillo, aunque no azulencos, sino obscuros, casta\u00f1os quiz\u00e1, de peque\u00f1o tama\u00f1o, y cortas y tiesas pesta\u00f1as, ojos de miope.<\/em><\/p>\n<p><!-- \/wp:paragraph --><\/p>\n<\/blockquote>\n<p>Los relatos de M\u00e1ximo ser\u00e1n una fuente permanente para varios escritos del autor, al punto que \u00e9ste llegar\u00e1 a decir que era uno de sus \u00abm\u00e1s estimados colaboradores\u00bb.<\/p>\n<p>Pero no era solo el \u00abesp\u00edritu inquieto\u00bb el rasgo que los vinculaba. Tambi\u00e9n era la adhesi\u00f3n que ambos ten\u00edan al pensamiento anarquista y que Manuel hab\u00eda conocido durante su juventud en tierras argentinas. El deseo libertario de una sociedad fundada \u00aben el amor y en el trabajo\u00bb los reuni\u00f3 a\u00fan m\u00e1s y los acompa\u00f1\u00f3 hasta sus \u00faltimos d\u00edas.<\/p>\n<p>A mediados de 1924, Manuel Rojas vuelve a Chile, y, en septiembre de 1928, se casa con Mar\u00eda Baeza con quien tiene sus tres hijos: Mar\u00eda Eugenia, Patricio y Paz. Mientras tanto M\u00e1ximo ha regresado tambi\u00e9n a Chile, ven\u00eda ahora con tres hijos, en San Juan hab\u00eda nacido Arturo, el tercero. La familia Jeria G\u00f3mez se radica en la capital y despu\u00e9s en Talca donde nace \u00c1ngela Margarita, el 26 de agosto de 1926. Al poco tiempo M\u00e1ximo debe viajar a Honduras para asumir como jefe de ventas de las m\u00e1quinas de coser Singer. La familia queda en Santiago. Mientras M\u00e1ximo sigue en el extranjero, su mujer enferma gravemente y, por un c\u00e1ncer ya muy avanzado, muere en 1935. Manuel Rojas se hace cargo de los cuatro hijos de su amigo y se los lleva a vivir a su casa donde, junto a sus tres hijos, suma siete ni\u00f1os. Un a\u00f1o despu\u00e9s le tocar\u00e1 a Manuel perder a su querida esposa y buscar refugio en la casa de M\u00e1ximo, en la avenida Matucana. Ah\u00ed comenzar\u00eda una relaci\u00f3n cercana y fraternal entre la descendencia de ambos, compartiendo numerosos momentos como las excursiones a la cordillera que Manuel acostumbraba hacer y a las que se sumaban tambi\u00e9n Alicia y Arturo, hermanos mayores de \u00c1ngela.<\/p>\n<p>M\u00e1ximo se volver\u00e1 a casar y tendr\u00e1 un quinto hijo que se llamar\u00e1 M\u00e1ximo Manuel. A su vez su amigo hab\u00eda nombrado, a su \u00fanico hijo var\u00f3n, Patricio M\u00e1ximo, perpetuando as\u00ed una amistad que durar\u00eda m\u00e1s de cuarenta a\u00f1os, hasta la muerte de M\u00e1ximo en 1964.<\/p>\n<p>Poco despu\u00e9s de su partida, Manuel lo record\u00f3 con estas palabras:<\/p>\n<p><!-- wp:quote --><\/p>\n<blockquote class=\"wp-block-quote\">\n<p><!-- wp:paragraph --><\/p>\n<p><em>Fue mi amigo y mi compa\u00f1ero, lo quise mucho&#8230; [U]no de los hombres m\u00e1s finos que he conocido, de gran sensibilidad y de una cultura literaria bastante amplia. Gran conversador, o\u00edrle contar su vida era para m\u00ed un deleite&#8230; Jeria no era s\u00f3lo un personaje; era, m\u00e1s que nada, un amigo. Ser noble e inteligente, buen amigo y compa\u00f1ero de algunos de mis a\u00f1os de juventud.<\/em><\/p>\n<p><!-- \/wp:paragraph --><\/p>\n<\/blockquote>\n<p><!-- \/wp:quote --><\/p>[\/et_pb_text][\/et_pb_column][\/et_pb_row][\/et_pb_section]","protected":false},"excerpt":{"rendered":"<p>Ha partido \u00c1ngela Jeria G\u00f3mez. \u00abAngelita\u00bb como le dec\u00edan sus m\u00e1s cercanos, se ha ido f\u00edsicamente y con ella se marcha una parte importante de la Fundaci\u00f3n Manuel Rojas y tambi\u00e9n una parte de la familia de Manuel&#8230;<\/p>\n","protected":false},"author":1,"featured_media":8234,"comment_status":"closed","ping_status":"closed","sticky":false,"template":"","format":"standard","meta":{"_et_pb_use_builder":"on","_et_pb_old_content":"<!-- wp:paragraph -->\n<p><em>En la fotograf\u00eda: \u00c1ngela Jeria, Mar\u00eda Eugenia Rojas, Directora, Luis Maira y Estela Ortiz, en la inauguraci\u00f3n de la placa conmemorativa en la Escuela de Boedo de Buenos Aires, donde Manuel Rojas estudi\u00f3. Fundaci\u00f3n Manuel Rojas. Santiago de Chile, Julio 2020.<\/em><\/p>\n<!-- \/wp:paragraph -->\n\n<!-- wp:paragraph -->\n<p><span style=\"text-align: justify;\">\u00c1ngela Jeria, Mar\u00eda Eugenia Rojas, Directora, Luis Maira y Estela Ortiz, en la inauguraci\u00f3n de la placa conmemorativa en la Escuela de Boedo de Buenos Aires, donde Manuel Rojas estudi\u00f3. Fundaci\u00f3n Manuel Rojas. Santiago de Chile, Julio 2020.&nbsp;<\/span><\/p>\n<!-- \/wp:paragraph -->\n\n<!-- wp:paragraph -->\n<p><strong>Ha partido \u00c1ngela Jeria G\u00f3mez. \u00abAngelita\u00bb como le dec\u00edan sus m\u00e1s cercanos, se ha ido f\u00edsicamente y con ella se marcha una parte importante de la Fundaci\u00f3n Manuel Rojas y tambi\u00e9n una parte de la familia de Manuel.<\/strong><\/p>\n<!-- \/wp:paragraph -->\n\n<!-- wp:paragraph -->\n<p>\u00c1ngela integr\u00f3 primero el directorio de la <strong>Fundaci\u00f3n<\/strong> y luego colabor\u00f3 con su acostumbrada generosidad en nuestros proyectos y prop\u00f3sitos. Con su optimismo y entusiasmo estuvo siempre dispuesta a abrir las puertas que fueran necesarias para conseguir los objetivos que buscan difundir la vida y obra de su \u00abT\u00edo Manuel\u00bb, como \u00c1ngela se refer\u00eda al escritor. Porque ella form\u00f3 y forma parte de la familia Rojas a partir de aquel fuerte lazo que cre\u00f3 M\u00e1ximo, su padre, con Manuel hace ya casi un siglo.<\/p>\n<!-- \/wp:paragraph -->\n\n<!-- wp:paragraph -->\n<p>Es en Buenos Aires, una tarde de 1921, cuando ambos se encuentran por primera vez. Durante un receso de la obra que ensayaba la compa\u00f1\u00eda de teatro donde Manuel trabajaba de consueta, M\u00e1ximo se acerca y le pregunta si \u00e9l es el Manuel Rojas que figura en el programa. Manuel le contesta afirmativamente y M\u00e1ximo le declara que ha le\u00eddo unos poemas de su autor\u00eda publicados en una revista de Mendoza. Pocos semanas antes Manuel hab\u00eda estado en esa ciudad en la que se hab\u00eda re encontrado con sus antiguos compa\u00f1eros anarquistas y uno de ellos le ofreci\u00f3 publicarle una selecci\u00f3n de sus poemas en un n\u00famero de la revista <strong><a href=\"http:\/\/www.manuelrojas.cl\/poeticas\/?lang=es\">Ideas y Figuras<\/a><\/strong> dedicado completamente a ellos. Aquella ser\u00eda su primera publicaci\u00f3n monogr\u00e1fica.<\/p>\n<!-- \/wp:paragraph -->\n\n<!-- wp:image {\"align\":\"center\",\"id\":7854,\"sizeSlug\":\"medium\",\"linkDestination\":\"none\"} -->\n<figure class=\"wp-block-image aligncenter size-medium\"><img src=\"https:\/\/manuelrojas.cl\/wp-content\/uploads\/2020\/07\/Maximo-Jeria-768x886-1-260x300.jpg\" alt=\"\" class=\"wp-image-7854\"\/><\/figure>\n<!-- \/wp:image -->\n\n<!-- wp:paragraph -->\n<p><em>M\u00e1ximo Jeria: \u00abSe le admiraba vestido de blanco y delante de unas matas de pl\u00e1tano. Parec\u00eda un gerente de la United Fruit Company\u00bb (Manuel Rojas).<\/em><\/p>\n<!-- \/wp:paragraph -->\n\n<!-- wp:paragraph -->\n<p>A partir de ese encuentro surge una amistad fraternal entre dos almas inquietas, errantes y vagabundas, cuyas aventuras se contaban mutuamente. Al poco tiempo, Manuel decide quedarse en la capital argentina junto a la actriz Dalila Barrios que abandona a su marido, un destacado actor de la compa\u00f1\u00eda en la que trabajan, y ambos deben refugiarse y ocultarse de la polic\u00eda. Es M\u00e1ximo Jeria, entonces radicado en Buenos Aires y ocupado de empleado menor de la compa\u00f1\u00eda Singer, quien se encargar\u00e1 de resolver el problema y conseguirles albergue. Viven juntos un tiempo en B\u00e1nfield y luego en Lan\u00fas, localidades cercanas a la capital argentina. Los pormenores de esos momentos ser\u00edan narrados m\u00e1s tarde en la novela <strong><a title=\"Novelas - Mejor que el vino\" href=\"http:\/\/www.manuelrojas.cl\/mejor-que-el-vino\/?lang=es\">Mejor que el vino<\/a><\/strong> (1958), donde M\u00e1ximo aparece con el nombre de \u00abPatricio Reyes\u00bb junto a su se\u00f1ora (\u00c1ngela G\u00f3mez) y sus dos hijos peque\u00f1os: Alberto y Alicia. Sobre el lugar en que viv\u00edan los Jeria G\u00f3mez, Rojas dice: \u00abA pesar de la modestia, casi de la pobreza, hay un ambiente de dignidad, de limpieza\u00bb.<\/p>\n<!-- \/wp:paragraph -->\n\n<!-- wp:paragraph -->\n<p>Manuel trabaja como linotipista, oficio que aprendiera en Chile poco antes, y decide enviar a un concurso su cuento \u00abLaguna\u00bb. Su amigo M\u00e1ximo ser\u00e1 el encargado de copiar a m\u00e1quina ese primer relato que le permite obtener el tercer lugar y ganar la confianza necesaria para iniciar su trayectoria como narrador.<\/p>\n<!-- \/wp:paragraph -->\n\n<!-- wp:paragraph -->\n<p>M\u00e1ximo, diez a\u00f1os mayor que Manuel, hab\u00eda llevado una vida errante, al igual como la de su amigo escritor. Existencia vagabunda que, algunos a\u00f1os despu\u00e9s, le servir\u00e1 a Manuel para construir al personaje protagonista de su cuento m\u00e1s conocido: <strong><a title=\"Cuentos - El vaso de leche\" href=\"http:\/\/www.manuelrojas.cl\/el-vaso-de-leche\/?lang=es\">El vaso de leche<\/a><\/strong> (1927). Por eso, en una parte del relato, se dice: \u00abEstaba pose\u00eddo por la obsesi\u00f3n del mar, que tuerce las vidas m\u00e1s lisas y definidas como un brazo poderoso una delgada varilla. Aunque era muy joven hab\u00eda hecho varios viajes por las costas de Am\u00e9rica del Sur, en diversos vapores, desempe\u00f1ando distintos trabajos...\u00bb.<\/p>\n<!-- \/wp:paragraph -->\n\n<!-- wp:paragraph -->\n<p>Sin duda por eso, Manuel elige perpetuar la figura de su amigo en la de un vagabundo algo extravagante que viaja con un par de tortugas y que se encuentra con Aniceto, protagonista de <strong><a title=\"Novelas - Hijo de ladr\u00f3n\" href=\"http:\/\/www.manuelrojas.cl\/hijo-de-ladron\/?lang=es\">Hijo de ladr\u00f3n<\/a><\/strong>, en la orilla del r\u00edo Aconcagua:<\/p>\n<!-- \/wp:paragraph -->\n\n<!-- wp:quote -->\n<blockquote class=\"wp-block-quote\"><!-- wp:paragraph -->\n<p><em>Hablaba correctamente y deb\u00eda ser unos siete a\u00f1os mayor que yo, a\u00f1os que representaban una gran porci\u00f3n de experiencia y de conocimientos. Cosa inveros\u00edmil: usaba lentes, y no lentes con varillas, de esos con los cuales uno puede correr, saltar, agacharse, pelear y hasta nadar, sino de esos que se sujetan a la nariz con unas pinzas que pellizcan apenas la piel...<\/em><\/p>\n<!-- \/wp:paragraph --><\/blockquote>\n<!-- \/wp:quote -->\n\n<!-- wp:quote -->\n<blockquote class=\"wp-block-quote\"><!-- wp:paragraph -->\n<p><em>Algo brotaba de \u00e9l, clara y tranquilamente. Sus ojos, ...eran tambi\u00e9n de poco brillo, aunque no azulencos, sino obscuros, casta\u00f1os quiz\u00e1, de peque\u00f1o tama\u00f1o, y cortas y tiesas pesta\u00f1as, ojos de miope.<\/em><\/p>\n<!-- \/wp:paragraph --><\/blockquote>\n<!-- \/wp:quote -->\n\n<!-- wp:paragraph -->\n<p>Los relatos de M\u00e1ximo ser\u00e1n una fuente permanente para varios escritos del autor, al punto que \u00e9ste llegar\u00e1 a decir que era uno de sus \u00abm\u00e1s estimados colaboradores\u00bb.<\/p>\n<!-- \/wp:paragraph -->\n\n<!-- wp:paragraph -->\n<p>Pero no era solo el \u00abesp\u00edritu inquieto\u00bb el rasgo que los vinculaba. Tambi\u00e9n era la adhesi\u00f3n que ambos ten\u00edan al pensamiento anarquista y que Manuel hab\u00eda conocido durante su juventud en tierras argentinas. El deseo libertario de una sociedad fundada \u00aben el amor y en el trabajo\u00bb los reuni\u00f3 a\u00fan m\u00e1s y los acompa\u00f1\u00f3 hasta sus \u00faltimos d\u00edas.<\/p>\n<!-- \/wp:paragraph -->\n\n<!-- wp:paragraph -->\n<p>A mediados de 1924, Manuel Rojas vuelve a Chile, y, en septiembre de 1928, se casa con Mar\u00eda Baeza con quien tiene sus tres hijos: Mar\u00eda Eugenia, Patricio y Paz. Mientras tanto M\u00e1ximo ha regresado tambi\u00e9n a Chile, ven\u00eda ahora con tres hijos, en San Juan hab\u00eda nacido Arturo, el tercero. La familia Jeria G\u00f3mez se radica en la capital y despu\u00e9s en Talca donde nace \u00c1ngela Margarita, el 26 de agosto de 1926. Al poco tiempo M\u00e1ximo debe viajar a Honduras para asumir como jefe de ventas de las m\u00e1quinas de coser Singer. La familia queda en Santiago. Mientras M\u00e1ximo sigue en el extranjero, su mujer enferma gravemente y, por un c\u00e1ncer ya muy avanzado, muere en 1935. Manuel Rojas se hace cargo de los cuatro hijos de su amigo y se los lleva a vivir a su casa donde, junto a sus tres hijos, suma siete ni\u00f1os. Un a\u00f1o despu\u00e9s le tocar\u00e1 a Manuel perder a su querida esposa y buscar refugio en la casa de M\u00e1ximo, en la avenida Matucana. Ah\u00ed comenzar\u00eda una relaci\u00f3n cercana y fraternal entre la descendencia de ambos, compartiendo numerosos momentos como las excursiones a la cordillera que Manuel acostumbraba hacer y a las que se sumaban tambi\u00e9n Alicia y Arturo, hermanos mayores de \u00c1ngela.<\/p>\n<!-- \/wp:paragraph -->\n\n<!-- wp:paragraph -->\n<p>M\u00e1ximo se volver\u00e1 a casar y tendr\u00e1 un quinto hijo que se llamar\u00e1 M\u00e1ximo Manuel. A su vez su amigo hab\u00eda nombrado, a su \u00fanico hijo var\u00f3n, Patricio M\u00e1ximo, perpetuando as\u00ed una amistad que durar\u00eda m\u00e1s de cuarenta a\u00f1os, hasta la muerte de M\u00e1ximo en 1964.<\/p>\n<!-- \/wp:paragraph -->\n\n<!-- wp:paragraph -->\n<p>Poco despu\u00e9s de su partida, Manuel lo record\u00f3 con estas palabras:<\/p>\n<!-- \/wp:paragraph -->\n\n<!-- wp:quote -->\n<blockquote class=\"wp-block-quote\"><!-- wp:paragraph -->\n<p><em>Fue mi amigo y mi compa\u00f1ero, lo quise mucho... [U]no de los hombres m\u00e1s finos que he conocido, de gran sensibilidad y de una cultura literaria bastante amplia. Gran conversador, o\u00edrle contar su vida era para m\u00ed un deleite... Jeria no era s\u00f3lo un personaje; era, m\u00e1s que nada, un amigo. Ser noble e inteligente, buen amigo y compa\u00f1ero de algunos de mis a\u00f1os de juventud.<\/em><\/p>\n<!-- \/wp:paragraph --><\/blockquote>\n<!-- \/wp:quote -->","_et_gb_content_width":"","footnotes":""},"categories":[53],"tags":[],"class_list":["post-7715","post","type-post","status-publish","format-standard","has-post-thumbnail","hentry","category-destacado1"],"_links":{"self":[{"href":"https:\/\/manuelrojas.cl\/index.php\/wp-json\/wp\/v2\/posts\/7715","targetHints":{"allow":["GET"]}}],"collection":[{"href":"https:\/\/manuelrojas.cl\/index.php\/wp-json\/wp\/v2\/posts"}],"about":[{"href":"https:\/\/manuelrojas.cl\/index.php\/wp-json\/wp\/v2\/types\/post"}],"author":[{"embeddable":true,"href":"https:\/\/manuelrojas.cl\/index.php\/wp-json\/wp\/v2\/users\/1"}],"replies":[{"embeddable":true,"href":"https:\/\/manuelrojas.cl\/index.php\/wp-json\/wp\/v2\/comments?post=7715"}],"version-history":[{"count":55,"href":"https:\/\/manuelrojas.cl\/index.php\/wp-json\/wp\/v2\/posts\/7715\/revisions"}],"predecessor-version":[{"id":8619,"href":"https:\/\/manuelrojas.cl\/index.php\/wp-json\/wp\/v2\/posts\/7715\/revisions\/8619"}],"wp:featuredmedia":[{"embeddable":true,"href":"https:\/\/manuelrojas.cl\/index.php\/wp-json\/wp\/v2\/media\/8234"}],"wp:attachment":[{"href":"https:\/\/manuelrojas.cl\/index.php\/wp-json\/wp\/v2\/media?parent=7715"}],"wp:term":[{"taxonomy":"category","embeddable":true,"href":"https:\/\/manuelrojas.cl\/index.php\/wp-json\/wp\/v2\/categories?post=7715"},{"taxonomy":"post_tag","embeddable":true,"href":"https:\/\/manuelrojas.cl\/index.php\/wp-json\/wp\/v2\/tags?post=7715"}],"curies":[{"name":"wp","href":"https:\/\/api.w.org\/{rel}","templated":true}]}}