{"id":7811,"date":"2019-12-01T00:31:48","date_gmt":"2019-12-01T03:31:48","guid":{"rendered":"http:\/\/www.manuelrojas.cl\/?p=7010"},"modified":"2023-06-02T01:13:13","modified_gmt":"2023-06-02T01:13:13","slug":"quienes-son-los-equivocados","status":"publish","type":"post","link":"https:\/\/manuelrojas.cl\/index.php\/2019\/12\/01\/quienes-son-los-equivocados\/","title":{"rendered":"\u00bfQui\u00e9nes son los equivocados?"},"content":{"rendered":"<p>[et_pb_section fb_built=&#8221;1&#8243; admin_label=&#8221;section&#8221; _builder_version=&#8221;4.16&#8243; global_colors_info=&#8221;{}&#8221; theme_builder_area=&#8221;post_content&#8221;][et_pb_row admin_label=&#8221;row&#8221; _builder_version=&#8221;4.16&#8243; background_size=&#8221;initial&#8221; background_position=&#8221;top_left&#8221; background_repeat=&#8221;repeat&#8221; global_colors_info=&#8221;{}&#8221; theme_builder_area=&#8221;post_content&#8221;][et_pb_column type=&#8221;4_4&#8243; _builder_version=&#8221;4.16&#8243; custom_padding=&#8221;|||&#8221; global_colors_info=&#8221;{}&#8221; custom_padding__hover=&#8221;|||&#8221; theme_builder_area=&#8221;post_content&#8221;][et_pb_text admin_label=&#8221;Text&#8221; _builder_version=&#8221;4.16&#8243; background_size=&#8221;initial&#8221; background_position=&#8221;top_left&#8221; background_repeat=&#8221;repeat&#8221; global_colors_info=&#8221;{}&#8221; theme_builder_area=&#8221;post_content&#8221;]<\/p>\n<div class=\"content clearfix\" style=\"text-align: center;\">\n<address style=\"text-align: justify;\">Fundaci\u00f3n Manuel Rojas. Santiago de Chile, Octubre 2019<\/address>\n<hr \/>\n<div class=\"content clearfix\">\n<address>\n<p style=\"text-align: justify;\"><strong>\u00ab\u00bfQui\u00e9nes son los equivocados?\u00bb (Las \u00daltimas Noticias, 1940). Con ocasi\u00f3n del estallidos social por la Dignidad, iniciado en Octubre del 2019, compartimos aqu\u00ed una serie de art\u00edculos de Manuel Rojas publicados en peri\u00f3dicos diversos. La vigencia de sus reflexiones y compromisos sociales son elocuentes&#8230;.<\/strong><\/p>\n<p><!--more--><\/p>\n<\/address>\n<h4>\u00bfQui\u00e9nes son los equivocados?<\/h4>\n<p style=\"text-align: justify;\">En los partidos llamados de avanzada sucede muy a menudo una cosa muy curiosa: hombres que ayer contaban con la adhesi\u00f3n, la admiraci\u00f3n y el fervor de la masa de un partido y de sus l\u00edderes, hoy, por circunstancias siempre inesperadas, pasan a ser, en el concepto de esa masa y de esos l\u00edderes, individuos desvirtuados, traidores, confusionistas, provocadores.<\/p>\n<p style=\"text-align: justify;\">Esto es lo que respecta al partido y a sus l\u00edderes. En lo que respecta al hombre a quien ayer se admiraba, se mimaba y se halagaba y que hoy es considerado como traidor, confusionista y provocador, sucede lo mismo: de la noche a la ma\u00f1ana o de un d\u00eda para otro, y por circunstancias siempre inesperadas, sus antiguos compa\u00f1eros, aquellos con quienes comparti\u00f3 la direcci\u00f3n espiritual de ese partido, esos que lo alababan y a quienes tambi\u00e9n alababa, que dec\u00edan lo mismo que \u00e9l dec\u00eda y a quienes, aparentemente, estaba unido por un ideal situado muy por encima de bajos intereses y mezquinas pasiones, pasan a ser, en su concepto, individuos despreciables, banales, prevaricadores, corrompidos.<\/p>\n<p style=\"text-align: justify;\">\u00a1Repentino y extraordinario cambio! Ayer hab\u00eda una unidad que parec\u00eda indestructible; hoy, una enemistad a muerte. Los que ayer eran considerados como puros son estimados hoy como impuros; los que ayer eran llamados fieles son hoy tachados de traidores. \u00bfC\u00f3mo ha podido suceder esto? No lo sabemos. Stalin que ha dado en este siglo los m\u00e1s grandes espect\u00e1culos de esa \u00edndole, ser\u00eda el \u00fanico que podr\u00eda explicarlo. Y digo el \u00fanico porque bien sabemos que aquellos que, en su concepto, de la noche a la ma\u00f1ana se convirtieron de puros en impuros y de fieles en traidores, no podr\u00e1n ya nunca explicar nada. R. I. P.<\/p>\n<p style=\"text-align: justify;\">Sin embargo, y como no tenemos esperanza alguna de que ese dictador ruso d\u00e9 alguna vez una explicaci\u00f3n satisfactoria para todos, para los vivos y para los que descansan en paz, m\u00e1s para los primeros que parar los segundos, ya que a estos no les servir\u00e1 para maldita la cosa, debemos, sino intentar nosotros la explicaci\u00f3n, por lo menos curiosear, con esp\u00edritu erudito, alrededor de este misterio pol\u00edtico.<\/p>\n<p style=\"text-align: justify;\">Durante mucho tiempo anduvieron juntos y mezclados los fieles de ayer y los traidores de hoy, los puros de anta\u00f1o y los corrompidos de hoga\u00f1o. \u00bfSab\u00edan ya, unos y otros, que aquellos eran impuros y que \u00e9stos eran traidores? Sin duda que lo sab\u00edan, puesto que hoy se llaman as\u00ed entre ellos. Y si lo sab\u00edan, \u00bfpor qu\u00e9 motivo se lo callaban? Ese silencio es sospechoso: o todos eran simuladores o todos eran unos cobardes, y si no cobardes, individuos que pueden soportar, sin asco, las mayores inmundicias. Se dir\u00e1 que pueden haber callado por no querer dividir el partido, pero esto resulta peor: coloca los ideales por debajo del inter\u00e9s de partido, lo cual significa, en buenas cuentas, que el ideal \u00e9se vale bien poco para esos individuos, o que no valen nada para nadie.<\/p>\n<p style=\"text-align: justify;\">Pero creo que ser\u00eda en vano darle vueltas al asunto. La explicaci\u00f3n de esto no corresponde sino al psicoan\u00e1lisis o a la simple psiquiatr\u00eda. Y si no fuera porque son las humildes y manoseadas masas las que, al fin, pagan el pato, la cosa ser\u00eda divertida.<\/p>\n<p>MANUEL ROJAS<br \/>Las \u00daltimas Noticias, septiembre de 1940<\/p>\n<hr \/>\n<p><strong><a title=\"Nuestra esperanza solo puede venir de los sin esperanza\" href=\"http:\/\/www.manuelrojas.cl\/nuestra-esperanza-solo-puede-venir-de-los-sin-esperanza\/\">Nuestra esperanza solo puede venir de los sin esperanza &#8211; Diario Clar\u00edn, 1970<\/a><\/strong><\/p>\n<p><strong><a title=\"Variedades de lumpen\" href=\"http:\/\/www.manuelrojas.cl\/variedades-de-lumpen\/\">Variedades de lumpen &#8211; Diario Clar\u00edn, 1972<\/a><\/strong><\/p>\n<p><strong><a title=\"Chile no sue\u00f1a in\u00fatilmente\" href=\"http:\/\/www.manuelrojas.cl\/chile-no-suena-inutilmente\/\">Chile no sue\u00f1a in\u00fatilmente &#8211; Las \u00daltimas Noticias, 1941<\/a><\/strong><\/p>\n<p><strong><a title=\"De qu\u00e9 se nutre la esperanza\" href=\"http:\/\/www.manuelrojas.cl\/de-que-se-nutre-la-esperanza\/\">De qu\u00e9 se nutre la esperanza &#8211; Revista Babel, 1948<\/a><\/strong><\/p>\n<\/div>\n<\/div>\n<p>[\/et_pb_text][\/et_pb_column][\/et_pb_row][\/et_pb_section]<\/p>\n","protected":false},"excerpt":{"rendered":"<p>\u00ab\u00bfQui\u00e9nes son los equivocados?\u00bb (Las \u00daltimas Noticias, 1940). Con ocasi\u00f3n del estallidos social por la Dignidad, iniciado en Octubre del 2019, compartimos aqu\u00ed una serie de art\u00edculos de Manuel Rojas publicados en peri\u00f3dicos diversos. La vigencia de sus reflexiones y compromisos sociales son elocuentes&#8230;.<\/p>\n","protected":false},"author":1,"featured_media":8700,"comment_status":"closed","ping_status":"closed","sticky":false,"template":"","format":"standard","meta":{"_et_pb_use_builder":"on","_et_pb_old_content":"<div class=\"content clearfix\"><address style=\"text-align: justify;\">Fundaci\u00f3n Manuel Rojas. Santiago de Chile, Octubre 2019<\/address>\n\n<hr \/>\n\n<div class=\"content clearfix\"><address>\n<p style=\"text-align: justify;\"><strong>\u00ab\u00bfQui\u00e9nes son los equivocados?\u00bb (Las \u00daltimas Noticias, 1940). Con ocasi\u00f3n del estallidos social por la Dignidad, iniciado en Octubre del 2019, compartimos aqu\u00ed una serie de art\u00edculos de Manuel Rojas publicados en peri\u00f3dicos diversos. La vigencia de sus reflexiones y compromisos sociales son elocuentes....<\/strong><\/p>\n<!--more-->\n\n<\/address>\n<h4>\u00bfQui\u00e9nes son los equivocados?<\/h4>\n<p style=\"text-align: justify;\">En los partidos llamados de avanzada sucede muy a menudo una cosa muy curiosa: hombres que ayer contaban con la adhesi\u00f3n, la admiraci\u00f3n y el fervor de la masa de un partido y de sus l\u00edderes, hoy, por circunstancias siempre inesperadas, pasan a ser, en el concepto de esa masa y de esos l\u00edderes, individuos desvirtuados, traidores, confusionistas, provocadores.<\/p>\n<p style=\"text-align: justify;\">Esto es lo que respecta al partido y a sus l\u00edderes. En lo que respecta al hombre a quien ayer se admiraba, se mimaba y se halagaba y que hoy es considerado como traidor, confusionista y provocador, sucede lo mismo: de la noche a la ma\u00f1ana o de un d\u00eda para otro, y por circunstancias siempre inesperadas, sus antiguos compa\u00f1eros, aquellos con quienes comparti\u00f3 la direcci\u00f3n espiritual de ese partido, esos que lo alababan y a quienes tambi\u00e9n alababa, que dec\u00edan lo mismo que \u00e9l dec\u00eda y a quienes, aparentemente, estaba unido por un ideal situado muy por encima de bajos intereses y mezquinas pasiones, pasan a ser, en su concepto, individuos despreciables, banales, prevaricadores, corrompidos.<\/p>\n<p style=\"text-align: justify;\">\u00a1Repentino y extraordinario cambio! Ayer hab\u00eda una unidad que parec\u00eda indestructible; hoy, una enemistad a muerte. Los que ayer eran considerados como puros son estimados hoy como impuros; los que ayer eran llamados fieles son hoy tachados de traidores. \u00bfC\u00f3mo ha podido suceder esto? No lo sabemos. Stalin que ha dado en este siglo los m\u00e1s grandes espect\u00e1culos de esa \u00edndole, ser\u00eda el \u00fanico que podr\u00eda explicarlo. Y digo el \u00fanico porque bien sabemos que aquellos que, en su concepto, de la noche a la ma\u00f1ana se convirtieron de puros en impuros y de fieles en traidores, no podr\u00e1n ya nunca explicar nada. R. I. P.<\/p>\n<p style=\"text-align: justify;\">Sin embargo, y como no tenemos esperanza alguna de que ese dictador ruso d\u00e9 alguna vez una explicaci\u00f3n satisfactoria para todos, para los vivos y para los que descansan en paz, m\u00e1s para los primeros que parar los segundos, ya que a estos no les servir\u00e1 para maldita la cosa, debemos, sino intentar nosotros la explicaci\u00f3n, por lo menos curiosear, con esp\u00edritu erudito, alrededor de este misterio pol\u00edtico.<\/p>\n<p style=\"text-align: justify;\">Durante mucho tiempo anduvieron juntos y mezclados los fieles de ayer y los traidores de hoy, los puros de anta\u00f1o y los corrompidos de hoga\u00f1o. \u00bfSab\u00edan ya, unos y otros, que aquellos eran impuros y que \u00e9stos eran traidores? Sin duda que lo sab\u00edan, puesto que hoy se llaman as\u00ed entre ellos. Y si lo sab\u00edan, \u00bfpor qu\u00e9 motivo se lo callaban? Ese silencio es sospechoso: o todos eran simuladores o todos eran unos cobardes, y si no cobardes, individuos que pueden soportar, sin asco, las mayores inmundicias. Se dir\u00e1 que pueden haber callado por no querer dividir el partido, pero esto resulta peor: coloca los ideales por debajo del inter\u00e9s de partido, lo cual significa, en buenas cuentas, que el ideal \u00e9se vale bien poco para esos individuos, o que no valen nada para nadie.<\/p>\n<p style=\"text-align: justify;\">Pero creo que ser\u00eda en vano darle vueltas al asunto. La explicaci\u00f3n de esto no corresponde sino al psicoan\u00e1lisis o a la simple psiquiatr\u00eda. Y si no fuera porque son las humildes y manoseadas masas las que, al fin, pagan el pato, la cosa ser\u00eda divertida.<\/p>\nMANUEL ROJAS\nLas \u00daltimas Noticias, septiembre de 1940\n\n<hr \/>\n\n<strong><a title=\"Nuestra esperanza solo puede venir de los sin esperanza\" href=\"http:\/\/www.manuelrojas.cl\/nuestra-esperanza-solo-puede-venir-de-los-sin-esperanza\/\">Nuestra esperanza solo puede venir de los sin esperanza - Diario Clar\u00edn, 1970<\/a><\/strong>\n\n<strong><a title=\"Variedades de lumpen\" href=\"http:\/\/www.manuelrojas.cl\/variedades-de-lumpen\/\">Variedades de lumpen - Diario Clar\u00edn, 1972<\/a><\/strong>\n\n<strong><a title=\"Chile no sue\u00f1a in\u00fatilmente\" href=\"http:\/\/www.manuelrojas.cl\/chile-no-suena-inutilmente\/\">Chile no sue\u00f1a in\u00fatilmente - Las \u00daltimas Noticias, 1941<\/a><\/strong>\n\n<strong><a title=\"De qu\u00e9 se nutre la esperanza\" href=\"http:\/\/www.manuelrojas.cl\/de-que-se-nutre-la-esperanza\/\">De qu\u00e9 se nutre la esperanza - Revista Babel, 1948<\/a><\/strong>\n\n<\/div>\n<\/div>","_et_gb_content_width":"","footnotes":""},"categories":[45,35],"tags":[],"class_list":["post-7811","post","type-post","status-publish","format-standard","has-post-thumbnail","hentry","category-45","category-noticias"],"_links":{"self":[{"href":"https:\/\/manuelrojas.cl\/index.php\/wp-json\/wp\/v2\/posts\/7811","targetHints":{"allow":["GET"]}}],"collection":[{"href":"https:\/\/manuelrojas.cl\/index.php\/wp-json\/wp\/v2\/posts"}],"about":[{"href":"https:\/\/manuelrojas.cl\/index.php\/wp-json\/wp\/v2\/types\/post"}],"author":[{"embeddable":true,"href":"https:\/\/manuelrojas.cl\/index.php\/wp-json\/wp\/v2\/users\/1"}],"replies":[{"embeddable":true,"href":"https:\/\/manuelrojas.cl\/index.php\/wp-json\/wp\/v2\/comments?post=7811"}],"version-history":[{"count":4,"href":"https:\/\/manuelrojas.cl\/index.php\/wp-json\/wp\/v2\/posts\/7811\/revisions"}],"predecessor-version":[{"id":8701,"href":"https:\/\/manuelrojas.cl\/index.php\/wp-json\/wp\/v2\/posts\/7811\/revisions\/8701"}],"wp:featuredmedia":[{"embeddable":true,"href":"https:\/\/manuelrojas.cl\/index.php\/wp-json\/wp\/v2\/media\/8700"}],"wp:attachment":[{"href":"https:\/\/manuelrojas.cl\/index.php\/wp-json\/wp\/v2\/media?parent=7811"}],"wp:term":[{"taxonomy":"category","embeddable":true,"href":"https:\/\/manuelrojas.cl\/index.php\/wp-json\/wp\/v2\/categories?post=7811"},{"taxonomy":"post_tag","embeddable":true,"href":"https:\/\/manuelrojas.cl\/index.php\/wp-json\/wp\/v2\/tags?post=7811"}],"curies":[{"name":"wp","href":"https:\/\/api.w.org\/{rel}","templated":true}]}}