{"id":7815,"date":"2019-11-09T10:50:02","date_gmt":"2019-11-09T13:50:02","guid":{"rendered":"http:\/\/www.manuelrojas.cl\/?p=7141"},"modified":"2023-06-02T19:04:17","modified_gmt":"2023-06-02T19:04:17","slug":"chile-no-suena-inutilmente","status":"publish","type":"post","link":"https:\/\/manuelrojas.cl\/index.php\/2019\/11\/09\/chile-no-suena-inutilmente\/","title":{"rendered":"Chile no sue\u00f1a in\u00fatilmente"},"content":{"rendered":"\n[et_pb_section fb_built=&#8221;1&#8243; admin_label=&#8221;section&#8221; _builder_version=&#8221;4.16&#8243; global_colors_info=&#8221;{}&#8221; theme_builder_area=&#8221;post_content&#8221;][et_pb_row admin_label=&#8221;row&#8221; _builder_version=&#8221;4.16&#8243; background_size=&#8221;initial&#8221; background_position=&#8221;top_left&#8221; background_repeat=&#8221;repeat&#8221; global_colors_info=&#8221;{}&#8221; theme_builder_area=&#8221;post_content&#8221;][et_pb_column type=&#8221;4_4&#8243; _builder_version=&#8221;4.16&#8243; custom_padding=&#8221;|||&#8221; global_colors_info=&#8221;{}&#8221; custom_padding__hover=&#8221;|||&#8221; theme_builder_area=&#8221;post_content&#8221;][et_pb_text admin_label=&#8221;Text&#8221; _builder_version=&#8221;4.16&#8243; background_size=&#8221;initial&#8221; background_position=&#8221;top_left&#8221; background_repeat=&#8221;repeat&#8221; global_colors_info=&#8221;{}&#8221; theme_builder_area=&#8221;post_content&#8221;]<div class=\"content clearfix\"><address style=\"text-align: justify;\">Fundaci\u00f3n Manuel Rojas. Santiago de Chile, Octubre 2019<\/address><hr \/>\n<div class=\"content clearfix\"><address>\n<p style=\"text-align: justify;\"><strong>\u00abChile no sue\u00f1a in\u00fatilmente\u00bb (Las \u00daltimas Noticias, 1941). Con ocasi\u00f3n del estallidos social por la Dignidad, iniciado en Octubre del 2019, compartimos aqu\u00ed una serie de art\u00edculos de Manuel Rojas publicados en peri\u00f3dicos diversos. La vigencia de sus reflexiones y compromisos sociales son elocuentes&#8230;.<\/strong><\/p>\n<p><!--more--><\/p>\n<\/address>\n<h4 style=\"text-align: left;\">Chile no sue\u00f1a in\u00fatilmente<\/h4>\n<p style=\"text-align: left;\">\u00bfDe d\u00f3nde habr\u00e1 de venir aquella fuerza o aquella inteligencia que pondr\u00e1 t\u00e9rmino al caos en que hoy se debate la mayor\u00eda de los gobiernos de la Tierra, caos que traen como consecuencia, cada cierto tiempo, revoluciones, crisis econ\u00f3micas, guerras y otras calamidades? Y, sobre todo, \u00bfc\u00f3mo podr\u00e1 aquella fuerza o aquella inteligencia arreglar todo esto? M\u00e1s a\u00fan: \u00bfqui\u00e9nes compondr\u00e1n esa fuerza o qui\u00e9nes aportar\u00e1n esa inteligencia?<\/p>\n<p style=\"text-align: left;\">Misterio. \u00bfSer\u00e1n los t\u00e9cnicos, ser\u00e1 el proletariado, ser\u00e1 un g\u00e9nero especial de hombres? Misterio. \u00bfQu\u00e9 tremendas desgarraduras deber\u00e1 sufrir la humanidad, que heridas definitivas? Misterio. \u00bfSer\u00e1 necesario ganar a sangre y fuego esa batalla? Misterio. No sabemos nada.<\/p>\n<p style=\"text-align: left;\">En ese misterio, sin embargo, reside la esperanza, no la esperanza de tres o cuatro so\u00f1adores, de tres o cuatro exaltados, de tres o cuatro pesimistas, sino la esperanza de millones de hombres, de millones de hombres que en este momento est\u00e1n trabajando o no tienen trabajo, de millones de hombres que en este instante est\u00e1n peleando y mat\u00e1ndose, comiendo o muri\u00e9ndose de hambre, contando dinero o suspirando por tenerlo.<\/p>\n<p style=\"text-align: left;\">Cada uno de ellos tiene una esperanza. Muchos, equivocados, encerrados en un c\u00edrculo que no les deja ver lo que sucede m\u00e1s all\u00e1, creen que pelean, sufren y mueren por esa esperanza. Otros, que saben cu\u00e1l es esa esperanza y lo que contiene, no pueden hacer nada por ella: las fuerzas inertes de la sociedad no los dejan. Otros, finalmente, que pueden hacer algo no hace nada: les va en ello la vida, la situaci\u00f3n, el pan de sus hijos y el de ellos mismos. Son los cuidadores del mudo.<\/p>\n<p style=\"text-align: left;\">Pero en la profundidad de todos, en la intimidad de todos, la esperanza fermenta como una levadura. Esa fermentaci\u00f3n concluir\u00e1 por crear una especie de subconsciente colectivo, es decir, un deseo oculto de que todo se arregle. Ese deseo se materializar\u00e1 un d\u00eda en una fuerza o en una inteligencia y la cosa suceder\u00e1. \u00bfC\u00f3mo? No lo sabemos. Pero suceder\u00e1. La humanidad no sue\u00f1a in\u00fatilmente.<\/p>\n<p style=\"text-align: left;\">MANUEL ROJAS<br \/>Las \u00daltimas Noticias, septiembre de 1941<\/p>\n<hr \/>\n<p style=\"text-align: center;\"><strong><a title=\"Quienes son los equivocados\" href=\"http:\/\/www.manuelrojas.cl\/quienes-son-los-equivocados\/\">Quienes son los equivocados &#8211; Las \u00daltimas Noticias, 1940<\/a><\/strong><\/p>\n<p style=\"text-align: center;\"><strong><a title=\"Nuestra esperanza solo puede venir de los sin esperanza\" href=\"http:\/\/www.manuelrojas.cl\/nuestra-esperanza-solo-puede-venir-de-los-sin-esperanza\/\">Nuestra esperanza solo puede venir de los sin esperanza &#8211; Diario Clar\u00edn, 1970<\/a><\/strong><\/p>\n<p style=\"text-align: center;\"><strong><a title=\"Variedades de lumpen\" href=\"http:\/\/www.manuelrojas.cl\/variedades-de-lumpen\/\">Variedades de lumpen &#8211; Diario Clar\u00edn, 1972<\/a><\/strong><\/p>\n<p style=\"text-align: center;\"><strong><a title=\"De qu\u00e9 se nutre la esperanza\" href=\"http:\/\/www.manuelrojas.cl\/de-que-se-nutre-la-esperanza\/\">De qu\u00e9 se nutre la esperanza &#8211; Revista Babel, 1948<\/a><\/strong><\/p>\n<\/div>\n<\/div>[\/et_pb_text][\/et_pb_column][\/et_pb_row][\/et_pb_section]\n","protected":false},"excerpt":{"rendered":"<p>\u00abChile no sue\u00f1a in\u00fatilmente\u00bb (Las \u00daltimas Noticias, 1941). Con ocasi\u00f3n del estallidos social por la Dignidad, iniciado en Octubre del 2019, compartimos aqu\u00ed una serie de art\u00edculos de Manuel Rojas publicados en peri\u00f3dicos diversos. La vigencia de sus reflexiones y compromisos sociales son elocuentes&#8230;.<\/p>\n","protected":false},"author":1,"featured_media":8700,"comment_status":"closed","ping_status":"closed","sticky":false,"template":"","format":"standard","meta":{"_et_pb_use_builder":"on","_et_pb_old_content":"<div class=\"content clearfix\"><address style=\"text-align: justify;\">Fundaci\u00f3n Manuel Rojas. Santiago de Chile, Octubre 2019<\/address>\n\n<hr \/>\n\n<div class=\"content clearfix\"><address>\n<p style=\"text-align: justify;\"><strong>\u00abChile no sue\u00f1a in\u00fatilmente\u00bb (Las \u00daltimas Noticias, 1941). Con ocasi\u00f3n del estallidos social por la Dignidad, iniciado en Octubre del 2019, compartimos aqu\u00ed una serie de art\u00edculos de Manuel Rojas publicados en peri\u00f3dicos diversos. La vigencia de sus reflexiones y compromisos sociales son elocuentes....<\/strong><\/p>\n<!--more-->\n\n<\/address>\n<h4>Chile no sue\u00f1a in\u00fatilmente<\/h4>\n\n<p style=\"text-align: justify;\">\u00bfDe d\u00f3nde habr\u00e1 de venir aquella fuerza o aquella inteligencia que pondr\u00e1 t\u00e9rmino al caos en que hoy se debate la mayor\u00eda de los gobiernos de la Tierra, caos que traen como consecuencia, cada cierto tiempo, revoluciones, crisis econ\u00f3micas, guerras y otras calamidades? Y, sobre todo, \u00bfc\u00f3mo podr\u00e1 aquella fuerza o aquella inteligencia arreglar todo esto? M\u00e1s a\u00fan: \u00bfqui\u00e9nes compondr\u00e1n esa fuerza o qui\u00e9nes aportar\u00e1n esa inteligencia?<\/p>\n\n<p style=\"text-align: justify;\">Misterio. \u00bfSer\u00e1n los t\u00e9cnicos, ser\u00e1 el proletariado, ser\u00e1 un g\u00e9nero especial de hombres? Misterio. \u00bfQu\u00e9 tremendas desgarraduras deber\u00e1 sufrir la humanidad, que heridas definitivas? Misterio. \u00bfSer\u00e1 necesario ganar a sangre y fuego esa batalla? Misterio. No sabemos nada.<\/p>\n\n<p style=\"text-align: justify;\">En ese misterio, sin embargo, reside la esperanza, no la esperanza de tres o cuatro so\u00f1adores, de tres o cuatro exaltados, de tres o cuatro pesimistas, sino la esperanza de millones de hombres, de millones de hombres que en este momento est\u00e1n trabajando o no tienen trabajo, de millones de hombres que en este instante est\u00e1n peleando y mat\u00e1ndose, comiendo o muri\u00e9ndose de hambre, contando dinero o suspirando por tenerlo.<\/p>\n\n<p style=\"text-align: justify;\">Cada uno de ellos tiene una esperanza. Muchos, equivocados, encerrados en un c\u00edrculo que no les deja ver lo que sucede m\u00e1s all\u00e1, creen que pelean, sufren y mueren por esa esperanza. Otros, que saben cu\u00e1l es esa esperanza y lo que contiene, no pueden hacer nada por ella: las fuerzas inertes de la sociedad no los dejan. Otros, finalmente, que pueden hacer algo no hace nada: les va en ello la vida, la situaci\u00f3n, el pan de sus hijos y el de ellos mismos. Son los cuidadores del mudo.<\/p>\n\n<p style=\"text-align: justify;\">Pero en la profundidad de todos, en la intimidad de todos, la esperanza fermenta como una levadura. Esa fermentaci\u00f3n concluir\u00e1 por crear una especie de subconsciente colectivo, es decir, un deseo oculto de que todo se arregle. Ese deseo se materializar\u00e1 un d\u00eda en una fuerza o en una inteligencia y la cosa suceder\u00e1. \u00bfC\u00f3mo? No lo sabemos. Pero suceder\u00e1. La humanidad no sue\u00f1a in\u00fatilmente.<\/p>\n\nMANUEL ROJAS\nLas \u00daltimas Noticias, septiembre de 1941\n\n<hr \/>\n\n<strong><a title=\"Quienes son los equivocados\" href=\"http:\/\/www.manuelrojas.cl\/quienes-son-los-equivocados\/\">Quienes son los equivocados - Las \u00daltimas Noticias, 1940<\/a><\/strong>\n\n<strong><a title=\"Nuestra esperanza solo puede venir de los sin esperanza\" href=\"http:\/\/www.manuelrojas.cl\/nuestra-esperanza-solo-puede-venir-de-los-sin-esperanza\/\">Nuestra esperanza solo puede venir de los sin esperanza - Diario Clar\u00edn, 1970<\/a><\/strong>\n\n<strong><a title=\"Variedades de lumpen\" href=\"http:\/\/www.manuelrojas.cl\/variedades-de-lumpen\/\">Variedades de lumpen - Diario Clar\u00edn, 1972<\/a><\/strong>\n\n<strong><a title=\"De qu\u00e9 se nutre la esperanza\" href=\"http:\/\/www.manuelrojas.cl\/de-que-se-nutre-la-esperanza\/\">De qu\u00e9 se nutre la esperanza - Revista Babel, 1948<\/a><\/strong>\n<\/div>","_et_gb_content_width":"","footnotes":""},"categories":[45,35],"tags":[],"class_list":["post-7815","post","type-post","status-publish","format-standard","has-post-thumbnail","hentry","category-45","category-noticias"],"_links":{"self":[{"href":"https:\/\/manuelrojas.cl\/index.php\/wp-json\/wp\/v2\/posts\/7815","targetHints":{"allow":["GET"]}}],"collection":[{"href":"https:\/\/manuelrojas.cl\/index.php\/wp-json\/wp\/v2\/posts"}],"about":[{"href":"https:\/\/manuelrojas.cl\/index.php\/wp-json\/wp\/v2\/types\/post"}],"author":[{"embeddable":true,"href":"https:\/\/manuelrojas.cl\/index.php\/wp-json\/wp\/v2\/users\/1"}],"replies":[{"embeddable":true,"href":"https:\/\/manuelrojas.cl\/index.php\/wp-json\/wp\/v2\/comments?post=7815"}],"version-history":[{"count":4,"href":"https:\/\/manuelrojas.cl\/index.php\/wp-json\/wp\/v2\/posts\/7815\/revisions"}],"predecessor-version":[{"id":8709,"href":"https:\/\/manuelrojas.cl\/index.php\/wp-json\/wp\/v2\/posts\/7815\/revisions\/8709"}],"wp:featuredmedia":[{"embeddable":true,"href":"https:\/\/manuelrojas.cl\/index.php\/wp-json\/wp\/v2\/media\/8700"}],"wp:attachment":[{"href":"https:\/\/manuelrojas.cl\/index.php\/wp-json\/wp\/v2\/media?parent=7815"}],"wp:term":[{"taxonomy":"category","embeddable":true,"href":"https:\/\/manuelrojas.cl\/index.php\/wp-json\/wp\/v2\/categories?post=7815"},{"taxonomy":"post_tag","embeddable":true,"href":"https:\/\/manuelrojas.cl\/index.php\/wp-json\/wp\/v2\/tags?post=7815"}],"curies":[{"name":"wp","href":"https:\/\/api.w.org\/{rel}","templated":true}]}}